{"id":4273,"date":"2023-04-05T16:07:12","date_gmt":"2023-04-05T14:07:12","guid":{"rendered":"https:\/\/selcus.com\/blog\/?p=4273"},"modified":"2023-04-05T16:07:14","modified_gmt":"2023-04-05T14:07:14","slug":"drift-spain-2023-circuito-jarama","status":"publish","type":"post","link":"https:\/\/selcus.com\/blog\/2023\/04\/05\/drift-spain-2023-circuito-jarama\/","title":{"rendered":"Cr\u00f3nica Drift Spain 2023 | Circuito de Jarama Madrid."},"content":{"rendered":"<div class=\"row\"><div class=\"col-md-11 content-article\">\n<p><strong>Drift Spain 2023 est\u00e1 de vuelta,<\/strong> la verdad que ten\u00edamos muchas ganas de escuchar WaaaTaaaTaaTaaa y mucho Shuuutuuuuttuuuu xDD.<\/p>\n\n\n\n<p>Pong\u00e1monos serios, es nuestro primer contacto con el p\u00fablico Madrile\u00f1o y solo podemos decir cosas buenas al respecto.<\/p>\n\n\n\n<p>Como es habitual <strong>intentamos llevar un buen surtido de llantas para coches<\/strong> con la idea de mostrar nuestros productos y por otra parte nuestra l\u00ednea de personalizaci\u00f3n de llantas Customized by Selcus.<\/p>\n\n\n\n<p>Ha sido un fin de semana lleno de sorpresas, no hemos parado en absoluto ayudando a cada uno que ven\u00eda a nuestro stand a conseguir el mejor fitment para sus coches.<\/p>\n\n\n\n<p>Por otra parte hemos estado super activos en pista siguiendo muy de cerca que hac\u00eda cada piloto y sobre todo la representaci\u00f3n Espa\u00f1ola que tenemos.<\/p>\n\n\n\n<div id=\"ez-toc-container\" class=\"ez-toc-v2_0_50 counter-hierarchy ez-toc-counter ez-toc-grey ez-toc-container-direction\">\n<div class=\"ez-toc-title-container\">\n<p class=\"ez-toc-title\">&Iacute;ndice de contenido<\/p>\n<span class=\"ez-toc-title-toggle\"><a href=\"#\" class=\"ez-toc-pull-right ez-toc-btn ez-toc-btn-xs ez-toc-btn-default ez-toc-toggle\" aria-label=\"Toggle Table of Content\" role=\"button\"><label for=\"item-69f2363e97bdb\" aria-hidden=\"true\"><span style=\"display: flex;align-items: center;width: 35px;height: 30px;justify-content: center;direction:ltr;\"><svg style=\"fill: #999;color:#999\" xmlns=\"http:\/\/www.w3.org\/2000\/svg\" class=\"list-377408\" width=\"20px\" height=\"20px\" viewBox=\"0 0 24 24\" fill=\"none\"><path d=\"M6 6H4v2h2V6zm14 0H8v2h12V6zM4 11h2v2H4v-2zm16 0H8v2h12v-2zM4 16h2v2H4v-2zm16 0H8v2h12v-2z\" fill=\"currentColor\"><\/path><\/svg><svg style=\"fill: #999;color:#999\" class=\"arrow-unsorted-368013\" xmlns=\"http:\/\/www.w3.org\/2000\/svg\" width=\"10px\" height=\"10px\" viewBox=\"0 0 24 24\" version=\"1.2\" baseProfile=\"tiny\"><path d=\"M18.2 9.3l-6.2-6.3-6.2 6.3c-.2.2-.3.4-.3.7s.1.5.3.7c.2.2.4.3.7.3h11c.3 0 .5-.1.7-.3.2-.2.3-.5.3-.7s-.1-.5-.3-.7zM5.8 14.7l6.2 6.3 6.2-6.3c.2-.2.3-.5.3-.7s-.1-.5-.3-.7c-.2-.2-.4-.3-.7-.3h-11c-.3 0-.5.1-.7.3-.2.2-.3.5-.3.7s.1.5.3.7z\"\/><\/svg><\/span><\/label><input  type=\"checkbox\" id=\"item-69f2363e97bdb\"><\/a><\/span><\/div>\n<nav><ul class='ez-toc-list ez-toc-list-level-1 ' ><li class='ez-toc-page-1 ez-toc-heading-level-2'><a class=\"ez-toc-link ez-toc-heading-1\" href=\"https:\/\/selcus.com\/blog\/2023\/04\/05\/drift-spain-2023-circuito-jarama\/#Dia_de_entrenamientos_preparacion_para_los_pilotos\" title=\"D\u00eda de entrenamientos preparaci\u00f3n para los pilotos.\">D\u00eda de entrenamientos preparaci\u00f3n para los pilotos.<\/a><ul class='ez-toc-list-level-3'><li class='ez-toc-heading-level-3'><a class=\"ez-toc-link ez-toc-heading-2\" href=\"https:\/\/selcus.com\/blog\/2023\/04\/05\/drift-spain-2023-circuito-jarama\/#Entrenamientos_Sabado_1_categoria_semi_pro_y_pro\" title=\"Entrenamientos S\u00e1bado 1 categor\u00eda semi pro y pro.\">Entrenamientos S\u00e1bado 1 categor\u00eda semi pro y pro.<\/a><\/li><li class='ez-toc-page-1 ez-toc-heading-level-3'><a class=\"ez-toc-link ez-toc-heading-3\" href=\"https:\/\/selcus.com\/blog\/2023\/04\/05\/drift-spain-2023-circuito-jarama\/#Entrenamientos_Sabado_1_categoria_PRO\" title=\"Entrenamientos S\u00e1bado 1 categor\u00eda PRO.\">Entrenamientos S\u00e1bado 1 categor\u00eda PRO.<\/a><\/li><\/ul><\/li><li class='ez-toc-page-1 ez-toc-heading-level-2'><a class=\"ez-toc-link ez-toc-heading-4\" href=\"https:\/\/selcus.com\/blog\/2023\/04\/05\/drift-spain-2023-circuito-jarama\/#Clasificacion_dos_rounds_individuales\" title=\"Clasificaci\u00f3n, dos rounds individuales.\">Clasificaci\u00f3n, dos rounds individuales.<\/a><ul class='ez-toc-list-level-3'><li class='ez-toc-heading-level-3'><a class=\"ez-toc-link ez-toc-heading-5\" href=\"https:\/\/selcus.com\/blog\/2023\/04\/05\/drift-spain-2023-circuito-jarama\/#Clasificacion_Sabado_1_Categoria_semi_pro\" title=\"Clasificaci\u00f3n S\u00e1bado 1 Categor\u00eda semi pro.\">Clasificaci\u00f3n S\u00e1bado 1 Categor\u00eda semi pro.<\/a><\/li><li class='ez-toc-page-1 ez-toc-heading-level-3'><a class=\"ez-toc-link ez-toc-heading-6\" href=\"https:\/\/selcus.com\/blog\/2023\/04\/05\/drift-spain-2023-circuito-jarama\/#Sabado_1_clasificacion_drift_spain_categoria_PRO\" title=\"S\u00e1bado 1 clasificaci\u00f3n drift spain categor\u00eda PRO.\">S\u00e1bado 1 clasificaci\u00f3n drift spain categor\u00eda PRO.<\/a><\/li><\/ul><\/li><li class='ez-toc-page-1 ez-toc-heading-level-2'><a class=\"ez-toc-link ez-toc-heading-7\" href=\"https:\/\/selcus.com\/blog\/2023\/04\/05\/drift-spain-2023-circuito-jarama\/#Batallas_de_drift_circuito_de_Jarama\" title=\"Batallas de drift, circuito de Jarama.\">Batallas de drift, circuito de Jarama.<\/a><\/li><li class='ez-toc-page-1 ez-toc-heading-level-2'><a class=\"ez-toc-link ez-toc-heading-8\" href=\"https:\/\/selcus.com\/blog\/2023\/04\/05\/drift-spain-2023-circuito-jarama\/#Conclusion_de_nuestra_experiencia_en_Drift_Spain_Jarama_2023\" title=\"Conclusi\u00f3n de nuestra experiencia en Drift Spain Jarama 2023\">Conclusi\u00f3n de nuestra experiencia en Drift Spain Jarama 2023<\/a><\/li><li class='ez-toc-page-1 ez-toc-heading-level-2'><a class=\"ez-toc-link ez-toc-heading-9\" href=\"https:\/\/selcus.com\/blog\/2023\/04\/05\/drift-spain-2023-circuito-jarama\/#Si_te_ha_gustado_nuestra_cronica_te_recomiendo_que_leas_Cronica_Drift_Spain_series_circuito_de_Navarra_Octubre_2022\" title=\"Si te ha gustado nuestra cr\u00f3nica te recomiendo que leas Cr\u00f3nica Drift Spain series circuito de Navarra Octubre 2022.\">Si te ha gustado nuestra cr\u00f3nica te recomiendo que leas Cr\u00f3nica Drift Spain series circuito de Navarra Octubre 2022.<\/a><\/li><\/ul><\/nav><\/div>\n<h2 class=\"wp-block-heading\"><span class=\"ez-toc-section\" id=\"Dia_de_entrenamientos_preparacion_para_los_pilotos\"><\/span>D\u00eda de entrenamientos preparaci\u00f3n para los pilotos.<span class=\"ez-toc-section-end\"><\/span><\/h2>\n\n\n\n<p>Los <strong>entrenamientos en drift spain tienen un \u00fanico objetivo, conocer bien el trazado<\/strong>, tener la reuni\u00f3n del briefing donde se explican todas las normas.<\/p>\n\n\n\n<p>Generalmente es un d\u00eda m\u00e1s \u00abtranquilo\u00bb no hay batallas como tal, bueno<strong>, cabe destacar que Daniel Korogodskyi con su GT86 con motor 2jz ofreci\u00f3 un buen show haciendo entremientos con batallas. <\/strong><\/p>\n\n\n\n<p>Lo normal en un d\u00eda de entrenamiento es trazar el drift, conocer los clipping points y saber hasta donde puedes exprimir tu coche.<\/p>\n\n\n\n<p>En muchas ocasiones los pilotos ponen al l\u00edmite sus coches muchos de ellos terminan en la tierra, es el caso de <strong>Joan Caballer que puso al l\u00edmite a su S13.<\/strong><\/p>\n\n\n\n<h3 class=\"wp-block-heading\"><span class=\"ez-toc-section\" id=\"Entrenamientos_Sabado_1_categoria_semi_pro_y_pro\"><\/span>Entrenamientos S\u00e1bado 1 categor\u00eda semi pro y pro.<span class=\"ez-toc-section-end\"><\/span><\/h3>\n\n\n\n<p>Sale el sol bien pronto en el circuito de Jarama, empiezan a sonar los primeros motores para obtener la temperatura perfecta.<\/p>\n\n\n\n<p>A las 10:30 empiezan las primeras tandas, mis primeras impresiones fueron muy buenas, obviamente contagiado por el p\u00fablico que ten\u00eda muchas ganas de ver <em>drifting<\/em> de calidad.<\/p>\n\n\n\n<p>Por orden comenz\u00f3 la categor\u00eda semi pro, dicha categor\u00eda esta limitada tanto por CV como por medidas de neum\u00e1tico.<\/p>\n\n\n\n<p>Estos datos que te proporciono son los m\u00e1s relevantes que hacen que un coche este en una categor\u00eda u otra.<\/p>\n\n\n\n<p>Por lo tanto<strong> la categor\u00eda semi pro tiene <em>clipping points <\/em>colocados estrat\u00e9gicamente de otra forma para que hagan el trazado completo sin dejar de hacer drift.<\/strong><\/p>\n\n\n\n<p>Es muy importante hacer las enlazadas siempre con el drit, ya que es una de las normas, no cumplirla supondr\u00e1 un doble cero.<\/p>\n\n\n\n<p>El d\u00eda de entrenamientos es para tomar contacto con la pista, ver el trazado, hacer algunas pasadas y dar mucho show.<\/p>\n\n\n\n<p>Nos centramos en nuestro piloto <strong>Alex P\u00e9rez el vigente campe\u00f3n de la categor\u00eda pro que en esta ocasi\u00f3n ha cambiado de chasis su E46 por un E30.<\/strong><\/p>\n\n\n\n<p>Este coche siempre lo utiliza para hacer subidas de monta\u00f1a, es un coche muy \u00e1gil y perfecto para la categor\u00eda semipro.<\/p>\n\n\n\n<p>Tambi\u00e9n tuvimos la suerte de ver <strong>entrenamientos de Marc Blanco o Xavier Caballer, sin duda estos tres pilotos que he nombrado tienen papeletas para llevarse la victoria.<\/strong><\/p>\n\n\n\n<h3 class=\"wp-block-heading\"><span class=\"ez-toc-section\" id=\"Entrenamientos_Sabado_1_categoria_PRO\"><\/span>Entrenamientos S\u00e1bado 1 categor\u00eda PRO.<span class=\"ez-toc-section-end\"><\/span><\/h3>\n\n\n\n<p>En la categor\u00eda reina todo cambia, tanto los coches, su aspecto y como no el trazado configurado para ellos.<\/p>\n\n\n\n<p>Los coches de <strong>categor\u00eda pro no tienen l\u00edmites de CV ni medida de neum\u00e1tico<\/strong>, es m\u00e1s, pueden montar compuesto semislick si lo desean, lo cual es una ventaja para muchos pilotos.<\/p>\n\n\n\n<p>En los entrenamientos es un buen momento para ver los l\u00edmites a los que puedes poner tu coche, es el claro ejemplo de Joan Caballer.<\/p>\n\n\n\n<p>Todas las pasadas que realiz\u00f3 llevo un S13 al m\u00e1ximo siempre buscando los l\u00edmites de pista para realizar un drift fluido.<\/p>\n\n\n\n<p>Otros pilotos como <strong>Armindo Martins y su espectacular 350Z nos regalaron un show incre\u00edble con una pasadas muy limpias.<\/strong><\/p>\n\n\n\n<p>Tengo que decir que este a\u00f1o hay muchas caras que no conoc\u00eda, es m\u00e1s he echado de menos la presencia de pilotos Espa\u00f1oles.<\/p>\n\n\n\n<p>No obstante el show estaba servido, una vez concluidos los entrenamientos y viendo un alto nivel por parte de muchos pilotos, solo tocaba esperar.<\/p>\n\n\n\n<p>Una de las cosas importantes que los espectadores no vemos es toda la explicaci\u00f3n del trazado, donde empieza el <em>drift, clipping points o deceleration zone<\/em><\/p>\n\n\n\n<figure class=\"wp-block-embed is-type-video is-provider-youtube wp-block-embed-youtube wp-embed-aspect-16-9 wp-has-aspect-ratio\"><div class=\"wp-block-embed__wrapper\">\n<iframe loading=\"lazy\"  width=\"840\" height=\"473\" src=\"https:\/\/www.youtube.com\/embed\/wUH78dBU0yQ?feature=oembed\" frameborder=\"0\" allow=\"accelerometer; autoplay; clipboard-write; encrypted-media; gyroscope; picture-in-picture; web-share\" allowfullscreen><\/iframe>\n<\/div><\/figure>\n\n\n\n<p>En este video explicativo entender\u00e1s mucho mejor como funciona un trazado de drift, en este caso de la categor\u00eda pro.<\/p>\n\n\n\n<h2 class=\"wp-block-heading\"><span class=\"ez-toc-section\" id=\"Clasificacion_dos_rounds_individuales\"><\/span>Clasificaci\u00f3n, dos rounds individuales.<span class=\"ez-toc-section-end\"><\/span><\/h2>\n\n\n\n<p>Es el momento durante la ma\u00f1ana los pilotos han podido probar detenidamente el trazado, ellos mismos en su mente han creado la estrategia.<\/p>\n\n\n\n<p>Dicha estrategia cuenta mucho, tan solo tiene dos pasadas y tienes que puntuar para poder clasificar en las batallas del Domingo.<\/p>\n\n\n\n<p>Si como has le\u00eddo<strong> un doble cero significa que no har\u00e1s batallas y que te puedes volver a casa.<\/strong><\/p>\n\n\n\n<p>Las normas son muy sencillas, nunca dejar de hacer drift en la zona marcada por los comisarios.<\/p>\n\n\n\n<p>No sacar dos ruedas o m\u00e1s del trazado, no hacer contra drift.<\/p>\n\n\n\n<p>Otras penalizaciones leves ser\u00eda, sacar una rueda de los l\u00edmites de pista o no acercarse demasiado a los clippings points<\/p>\n\n\n\n<p>Aunque tengo que decirte que la clasificaci\u00f3n fue algo extra\u00f1a, muchos dobles ceros con lo que muchos pilotos se quedaron sin poder participar en las batallas de Domingo.<\/p>\n\n\n\n<h3 class=\"wp-block-heading\"><span class=\"ez-toc-section\" id=\"Clasificacion_Sabado_1_Categoria_semi_pro\"><\/span>Clasificaci\u00f3n S\u00e1bado 1 Categor\u00eda semi pro.<span class=\"ez-toc-section-end\"><\/span><\/h3>\n\n\n\n<p>Comienza lo bueno, es un d\u00eda importante para los pilotos, se palpa la tensi\u00f3n.<\/p>\n\n\n\n<p>Tienen que realizar dos veces el trazado puntuando lo m\u00e1ximo posible.<\/p>\n\n\n\n<p>Tienes que saber que hay una clasificaci\u00f3n y que hay que hay que hacer una puntuaci\u00f3n de 50 puntos o superior para pasar el corte.<\/p>\n\n\n\n<p>Nuestro piloto \u00c1lex P\u00e9rez demostr\u00f3 mucha destreza con su E30, clasificando en muy buena 6 posici\u00f3n con muchas posibilidades de poder llevarse el triunfo a tierras Vascas.<\/p>\n\n\n\n<p><strong>No podemos olvidar la incre\u00edble clasificaci\u00f3n que hizo Joan Caballer llevando su Nissan S13 de 434cv al limite y llev\u00e1ndose la primera posici\u00f3n con dos pasadas incre\u00edbles.<\/strong><\/p>\n\n\n\n<p>Por otra parte el piloto <strong>Marc Blanco con su nueva rotulaci\u00f3n y est\u00e9tica en su coche demostr\u00f3 que est\u00e1 a la altura de los mejores consiguiendo un segundo puesto con 82 puntazos.<\/strong><\/p>\n\n\n\n<p>Cabe destacar que si en clasificaci\u00f3n haces dos pasadas perfectas pero en carrera te sales o tienes contacto con el otro participante de las batallas, de nada servir\u00e1 clasificar primero.<\/p>\n\n\n\n<figure class=\"wp-block-image size-full\"><img decoding=\"async\" loading=\"lazy\" width=\"1000\" height=\"666\" src=\"https:\/\/selcus.com\/blog\/wp-content\/uploads\/2023\/04\/Xavier-caballer.jpg\" alt=\"Xavier caballer Nissan S13 | Drift Spain\" class=\"wp-image-4274\" srcset=\"https:\/\/selcus.com\/blog\/wp-content\/uploads\/2023\/04\/Xavier-caballer.jpg 1000w, https:\/\/selcus.com\/blog\/wp-content\/uploads\/2023\/04\/Xavier-caballer-300x200.jpg 300w, https:\/\/selcus.com\/blog\/wp-content\/uploads\/2023\/04\/Xavier-caballer-768x511.jpg 768w\" sizes=\"(max-width: 709px) 85vw, (max-width: 909px) 67vw, (max-width: 1362px) 62vw, 840px\" \/><\/figure>\n\n\n\n<p>Por otra parte no podemos olvidar la categor\u00eda reina, una vez modificado los clipping points por parte de los marshals empieza la acci\u00f3n<\/p>\n\n\n\n<h3 class=\"wp-block-heading\"><span class=\"ez-toc-section\" id=\"Sabado_1_clasificacion_drift_spain_categoria_PRO\"><\/span>S\u00e1bado 1 clasificaci\u00f3n drift spain categor\u00eda PRO.<span class=\"ez-toc-section-end\"><\/span><\/h3>\n\n\n\n<p>Rugen los motores de <strong>las bestias de m\u00e1s de 600cv, se palpa en el ambiente que va a ser una clasificaci\u00f3n muy apretada<\/strong>, estamos en driftspain y comienza el espectaculo.<\/p>\n\n\n\n<p>En tan solo dos pasadas los pilotos de categor\u00eda pro tienen que demostrar mucha destreza.<\/p>\n\n\n\n<p>Cabe <strong>destacar que el circuito de Jarama tiene unos peraltes muy consistentes<\/strong>, tienen que repartir muy bien la frenada del coche para que el drift sea perfecto.<\/p>\n\n\n\n<p>Hacer un set up es muy importante, cada circuito tiene su truco, por lo que a nivel mec\u00e1nico es muy importante tener el coche en perfecto estado.<\/p>\n\n\n\n<p>Tenemos que decir algo muy importante, descubrimos durante el evento que hay una normativa en la que puedes escoger la posibilidad de revisi\u00f3n de tu pasada o tambi\u00e9n llamado Joker.<\/p>\n\n\n\n<p>Esto ocurre cuando hay muchos pilotos con dobles ceros, seg\u00fan organizaci\u00f3n hay posibilidad de revisi\u00f3n del drift y poder hacer repesca.<\/p>\n\n\n\n<p>Total viendo la clasificaci\u00f3n de categor\u00eda PRO muchos pilotos hicieron doble ceros tales como Rodrigo el Gallo sport, esper\u00e1bamos mucho m\u00e1s de este piloto.<\/p>\n\n\n\n<p><strong>Decepcion\u00f3 bastante el nivel de algunos pilotos, siendo Drift Spain<\/strong> categor\u00eda reina el nivel deber\u00eda ser alto, no fue as\u00ed y 19 pilotos de 36 calificaron con doble cero.<\/p>\n\n\n\n<p>Especial menci\u00f3n a Ruben Bola\u00f1os que junto con la bicha clasific\u00f3 primero con 74 puntazos una dosis de motivaci\u00f3n para las batallas del Domingo.<\/p>\n\n\n\n<h2 class=\"wp-block-heading\"><span class=\"ez-toc-section\" id=\"Batallas_de_drift_circuito_de_Jarama\"><\/span>Batallas de drift, circuito de Jarama.<span class=\"ez-toc-section-end\"><\/span><\/h2>\n\n\n\n<p>El d\u00eda gordo, el d\u00eda clave, donde los pilotos se ven las caras, donde las manos, el control es fundamental para conseguir un buen resultado.<\/p>\n\n\n\n<p>Cada uno tendr\u00e1 su opini\u00f3n pero la nuestra es clara, falta mucho nivel por parte de muchos pilotos. <\/p>\n\n\n\n<p>Parece ser la primera prueba y muchos de ellos estrenando chasis sent\u00edan dificultad para controlar el coche, eso en pista se nota y se penaliza.<\/p>\n\n\n\n<p>No obstante <strong>tras la clasificaci\u00f3n hab\u00edan muchos pilotos que se hab\u00edan quedado fuera del corte con lo que se daba mucho m\u00e1s show.<\/strong><\/p>\n\n\n\n<figure class=\"wp-block-embed is-type-video is-provider-youtube wp-block-embed-youtube wp-embed-aspect-16-9 wp-has-aspect-ratio\"><div class=\"wp-block-embed__wrapper\">\n<iframe loading=\"lazy\"  width=\"840\" height=\"473\" src=\"https:\/\/www.youtube.com\/embed\/ijHfSckgErM?feature=oembed\" frameborder=\"0\" allow=\"accelerometer; autoplay; clipboard-write; encrypted-media; gyroscope; picture-in-picture; web-share\" allowfullscreen><\/iframe>\n<\/div><\/figure>\n\n\n\n<p>Gracias a la retransmisi\u00f3n v\u00eda Youtube podr\u00e1s ver completamente las tandas del Round 1 en el circuito de Jarama.<\/p>\n\n\n\n<p>Tengo que <strong>destacar el momento en el cual compiten \u00c1lex P\u00e9rez y Mac Blanco no entendemos muy bien el reglamento pero parece que esta vez se decanta por Marc Blanco. <\/strong><\/p>\n\n\n\n<p>Existe contacto pero no disciernes si se rompe la direcci\u00f3n antes o despu\u00e9s del contacto, nosotros no somos jueces es un arduo trabajo.<\/p>\n\n\n\n<h2 class=\"wp-block-heading\"><span class=\"ez-toc-section\" id=\"Conclusion_de_nuestra_experiencia_en_Drift_Spain_Jarama_2023\"><\/span>Conclusi\u00f3n de nuestra experiencia en Drift Spain Jarama 2023<span class=\"ez-toc-section-end\"><\/span><\/h2>\n\n\n\n<p>Tenemos que decir que el show fue incre\u00edble y la organizaci\u00f3n impecable tanto por el circuito como por DriftSpain.<\/p>\n\n\n\n<p>Si que como punto de mejora hay ciertos puntos en el reglamento que no se entiende de donde se han sacado, al final todo concluye en algo, el show y la facturaci\u00f3n.<\/p>\n\n\n\n<p>Total as\u00ed comienza este a\u00f1o en drift Spain series.<\/p>\n\n\n\n<figure class=\"wp-block-image size-large\"><img decoding=\"async\" loading=\"lazy\" width=\"1024\" height=\"536\" src=\"https:\/\/selcus.com\/blog\/wp-content\/uploads\/2023\/04\/Categoria-PRO-Jarama-1024x536.jpg\" alt=\"Categoria PRO resultados Jarama\" class=\"wp-image-4275\" srcset=\"https:\/\/selcus.com\/blog\/wp-content\/uploads\/2023\/04\/Categoria-PRO-Jarama-1024x536.jpg 1024w, https:\/\/selcus.com\/blog\/wp-content\/uploads\/2023\/04\/Categoria-PRO-Jarama-300x157.jpg 300w, https:\/\/selcus.com\/blog\/wp-content\/uploads\/2023\/04\/Categoria-PRO-Jarama-768x402.jpg 768w, https:\/\/selcus.com\/blog\/wp-content\/uploads\/2023\/04\/Categoria-PRO-Jarama-1200x628.jpg 1200w, https:\/\/selcus.com\/blog\/wp-content\/uploads\/2023\/04\/Categoria-PRO-Jarama.jpg 1500w\" sizes=\"(max-width: 709px) 85vw, (max-width: 909px) 67vw, (max-width: 1362px) 62vw, 840px\" \/><\/figure>\n\n\n\n<p>El resultado habla por si solo, tras un sobrio campeonato Ruben Bola\u00f1os gana en Jarama obteniendo en la clasificaci\u00f3n el primer casillero.<\/p>\n\n\n\n<figure class=\"wp-block-image size-large\"><img decoding=\"async\" loading=\"lazy\" width=\"1024\" height=\"536\" src=\"https:\/\/selcus.com\/blog\/wp-content\/uploads\/2023\/04\/Categoria-SemiPRO-DriftSpain-Series-Jarama-1024x536.jpg\" alt=\"Clasificaci\u00f3n SemiPRO Jarama 2023\" class=\"wp-image-4276\" srcset=\"https:\/\/selcus.com\/blog\/wp-content\/uploads\/2023\/04\/Categoria-SemiPRO-DriftSpain-Series-Jarama-1024x536.jpg 1024w, https:\/\/selcus.com\/blog\/wp-content\/uploads\/2023\/04\/Categoria-SemiPRO-DriftSpain-Series-Jarama-300x157.jpg 300w, https:\/\/selcus.com\/blog\/wp-content\/uploads\/2023\/04\/Categoria-SemiPRO-DriftSpain-Series-Jarama-768x402.jpg 768w, https:\/\/selcus.com\/blog\/wp-content\/uploads\/2023\/04\/Categoria-SemiPRO-DriftSpain-Series-Jarama-1200x628.jpg 1200w, https:\/\/selcus.com\/blog\/wp-content\/uploads\/2023\/04\/Categoria-SemiPRO-DriftSpain-Series-Jarama.jpg 1500w\" sizes=\"(max-width: 709px) 85vw, (max-width: 909px) 67vw, (max-width: 1362px) 62vw, 840px\" \/><\/figure>\n\n\n\n<p>En la categor\u00eda peque\u00f1a de drift, el claro vencedor Pedro Garcia con su E46 Diesel, el \u00fanico de todo el campeonato, seguido de Marc Blanco que arrastro su problema de direcci\u00f3n hasta el final consiguiendo un muy buen segundo puesto.<\/p>\n\n\n\n<h2 class=\"wp-block-heading\"><span class=\"ez-toc-section\" id=\"Si_te_ha_gustado_nuestra_cronica_te_recomiendo_que_leas_Cronica_Drift_Spain_series_circuito_de_Navarra_Octubre_2022\"><\/span>Si te ha gustado nuestra cr\u00f3nica te recomiendo que leas <a href=\"https:\/\/selcus.com\/blog\/2022\/10\/11\/cronica-drift-spain-series-circuito-de-navarra-octubre-2022\/\">Cr\u00f3nica Drift Spain series circuito de Navarra Octubre 2022.<\/a><span class=\"ez-toc-section-end\"><\/span><\/h2>\n\n\n\n<p><br><\/p>\n<\/div><\/div>","protected":false},"excerpt":{"rendered":"<p>Drift Spain 2023 est\u00e1 de vuelta, la verdad que ten\u00edamos muchas ganas de escuchar WaaaTaaaTaaTaaa y mucho Shuuutuuuuttuuuu xDD. Pong\u00e1monos serios, es nuestro primer contacto con el p\u00fablico Madrile\u00f1o y solo podemos decir cosas buenas al respecto. Como es habitual intentamos llevar un buen surtido de llantas para coches con la idea de mostrar nuestros &hellip; <a href=\"https:\/\/selcus.com\/blog\/2023\/04\/05\/drift-spain-2023-circuito-jarama\/\" class=\"more-link\">Continuar leyendo<span class=\"screen-reader-text\"> \u00abCr\u00f3nica Drift Spain 2023 | Circuito de Jarama Madrid.\u00bb<\/span><\/a><\/p>\n","protected":false},"author":1,"featured_media":4079,"comment_status":"closed","ping_status":"closed","sticky":false,"template":"","format":"standard","meta":[],"categories":[1],"tags":[],"_links":{"self":[{"href":"https:\/\/selcus.com\/blog\/wp-json\/wp\/v2\/posts\/4273"}],"collection":[{"href":"https:\/\/selcus.com\/blog\/wp-json\/wp\/v2\/posts"}],"about":[{"href":"https:\/\/selcus.com\/blog\/wp-json\/wp\/v2\/types\/post"}],"author":[{"embeddable":true,"href":"https:\/\/selcus.com\/blog\/wp-json\/wp\/v2\/users\/1"}],"replies":[{"embeddable":true,"href":"https:\/\/selcus.com\/blog\/wp-json\/wp\/v2\/comments?post=4273"}],"version-history":[{"count":1,"href":"https:\/\/selcus.com\/blog\/wp-json\/wp\/v2\/posts\/4273\/revisions"}],"predecessor-version":[{"id":4277,"href":"https:\/\/selcus.com\/blog\/wp-json\/wp\/v2\/posts\/4273\/revisions\/4277"}],"wp:featuredmedia":[{"embeddable":true,"href":"https:\/\/selcus.com\/blog\/wp-json\/wp\/v2\/media\/4079"}],"wp:attachment":[{"href":"https:\/\/selcus.com\/blog\/wp-json\/wp\/v2\/media?parent=4273"}],"wp:term":[{"taxonomy":"category","embeddable":true,"href":"https:\/\/selcus.com\/blog\/wp-json\/wp\/v2\/categories?post=4273"},{"taxonomy":"post_tag","embeddable":true,"href":"https:\/\/selcus.com\/blog\/wp-json\/wp\/v2\/tags?post=4273"}],"curies":[{"name":"wp","href":"https:\/\/api.w.org\/{rel}","templated":true}]}}