{"id":3997,"date":"2022-09-07T18:10:27","date_gmt":"2022-09-07T16:10:27","guid":{"rendered":"https:\/\/selcus.com\/blog\/?p=3997"},"modified":"2022-09-07T18:10:30","modified_gmt":"2022-09-07T16:10:30","slug":"llantas-dedicadas-para-bmw","status":"publish","type":"post","link":"https:\/\/selcus.com\/blog\/2022\/09\/07\/llantas-dedicadas-para-bmw\/","title":{"rendered":"Llantas dedicadas para BMW, calidad garantizada."},"content":{"rendered":"<div class=\"row\"><div class=\"col-md-11 content-article\">\n<p>En el post de hoy vamos ha hablar del sector de las <strong>llantas dedicadas<\/strong>, lo primero de todo en Selcus Wheels siempre ofrecemos los productos de mejor calidad.<\/p>\n\n\n\n<p>Como especialistas en llantas con m\u00e1s de 10 a\u00f1os de experiencia miramos con lupa las marcas que traemos a nuestra tienda.<\/p>\n\n\n\n<p>La <strong>llanta es uno de complementos m\u00e1s importante junto con los neum\u00e1ticos<\/strong> son los que dan sentido al veh\u00edculo.<\/p>\n\n\n\n<p>En cuanto a la est\u00e9tica cambiar de llantas hace mucho en un coche es por eso que es una modificaci\u00f3n muy habitual. <\/p>\n\n\n\n<p>Dentro de nuestra gran variedad de marcas disponibles contamos con llantas dedicadas, las cuales est\u00e1n pensadas para montarse a buje directo sin necesidad de torniller\u00eda especial.<\/p>\n\n\n\n<div id=\"ez-toc-container\" class=\"ez-toc-v2_0_50 counter-hierarchy ez-toc-counter ez-toc-grey ez-toc-container-direction\">\n<div class=\"ez-toc-title-container\">\n<p class=\"ez-toc-title\">&Iacute;ndice de contenido<\/p>\n<span class=\"ez-toc-title-toggle\"><a href=\"#\" class=\"ez-toc-pull-right ez-toc-btn ez-toc-btn-xs ez-toc-btn-default ez-toc-toggle\" aria-label=\"Toggle Table of Content\" role=\"button\"><label for=\"item-69f3fc9fa8373\" aria-hidden=\"true\"><span style=\"display: flex;align-items: center;width: 35px;height: 30px;justify-content: center;direction:ltr;\"><svg style=\"fill: #999;color:#999\" xmlns=\"http:\/\/www.w3.org\/2000\/svg\" class=\"list-377408\" width=\"20px\" height=\"20px\" viewBox=\"0 0 24 24\" fill=\"none\"><path d=\"M6 6H4v2h2V6zm14 0H8v2h12V6zM4 11h2v2H4v-2zm16 0H8v2h12v-2zM4 16h2v2H4v-2zm16 0H8v2h12v-2z\" fill=\"currentColor\"><\/path><\/svg><svg style=\"fill: #999;color:#999\" class=\"arrow-unsorted-368013\" xmlns=\"http:\/\/www.w3.org\/2000\/svg\" width=\"10px\" height=\"10px\" viewBox=\"0 0 24 24\" version=\"1.2\" baseProfile=\"tiny\"><path d=\"M18.2 9.3l-6.2-6.3-6.2 6.3c-.2.2-.3.4-.3.7s.1.5.3.7c.2.2.4.3.7.3h11c.3 0 .5-.1.7-.3.2-.2.3-.5.3-.7s-.1-.5-.3-.7zM5.8 14.7l6.2 6.3 6.2-6.3c.2-.2.3-.5.3-.7s-.1-.5-.3-.7c-.2-.2-.4-.3-.7-.3h-11c-.3 0-.5.1-.7.3-.2.2-.3.5-.3.7s.1.5.3.7z\"\/><\/svg><\/span><\/label><input  type=\"checkbox\" id=\"item-69f3fc9fa8373\"><\/a><\/span><\/div>\n<nav><ul class='ez-toc-list ez-toc-list-level-1 ' ><li class='ez-toc-page-1 ez-toc-heading-level-2'><a class=\"ez-toc-link ez-toc-heading-1\" href=\"https:\/\/selcus.com\/blog\/2022\/09\/07\/llantas-dedicadas-para-bmw\/#%C2%BFQue_son_las_llantas_dedicadas\" title=\"\u00bfQu\u00e9 son las llantas dedicadas? \">\u00bfQu\u00e9 son las llantas dedicadas? <\/a><\/li><li class='ez-toc-page-1 ez-toc-heading-level-2'><a class=\"ez-toc-link ez-toc-heading-2\" href=\"https:\/\/selcus.com\/blog\/2022\/09\/07\/llantas-dedicadas-para-bmw\/#Llantas_BMW_para_E90_y_G20\" title=\"Llantas BMW para E90 y G20.\">Llantas BMW para E90 y G20.<\/a><\/li><li class='ez-toc-page-1 ez-toc-heading-level-2'><a class=\"ez-toc-link ez-toc-heading-3\" href=\"https:\/\/selcus.com\/blog\/2022\/09\/07\/llantas-dedicadas-para-bmw\/#Conclusiones_de_montar_llantas_dedicadas_a_BMW\" title=\"Conclusiones de montar llantas dedicadas a BMW.\">Conclusiones de montar llantas dedicadas a BMW.<\/a><\/li><\/ul><\/nav><\/div>\n<h2 class=\"wp-block-heading\"><span class=\"ez-toc-section\" id=\"%C2%BFQue_son_las_llantas_dedicadas\"><\/span>\u00bfQu\u00e9 son las llantas dedicadas? <span class=\"ez-toc-section-end\"><\/span><\/h2>\n\n\n\n<p>Las llantas dedicadas son dise\u00f1os de<strong> llantas completamente iguales a los OEM<\/strong>, son completamente legales y aportan homologaci\u00f3n.<\/p>\n\n\n\n<p>Tengo que decir que muchas <strong>llantas r\u00e9plica que es vulgarmente como se les llaman<\/strong> las hemos visto sin ning\u00fan tipo de homologaci\u00f3n.<\/p>\n\n\n\n<p>Cuando pasa esto es debido a que el aluminio es de baja calidad cuando esto ocurre tiene muchas m\u00e1s posibilidades que ante un agujero en el camino la llanta se fisure.<\/p>\n\n\n\n<figure class=\"wp-block-image size-full\"><img decoding=\"async\" loading=\"lazy\" width=\"1024\" height=\"576\" src=\"https:\/\/selcus.com\/blog\/wp-content\/uploads\/2022\/09\/fisura_en_llanta.jpg\" alt=\"llantas r\u00e9plica fisuradas\" class=\"wp-image-3998\" srcset=\"https:\/\/selcus.com\/blog\/wp-content\/uploads\/2022\/09\/fisura_en_llanta.jpg 1024w, https:\/\/selcus.com\/blog\/wp-content\/uploads\/2022\/09\/fisura_en_llanta-300x169.jpg 300w, https:\/\/selcus.com\/blog\/wp-content\/uploads\/2022\/09\/fisura_en_llanta-768x432.jpg 768w\" sizes=\"(max-width: 709px) 85vw, (max-width: 909px) 67vw, (max-width: 1362px) 62vw, 840px\" \/><\/figure>\n\n\n\n<p>Cuando esto ocurre en una llanta dedicada no vale la pena repararlas ya que el coste ser\u00e1 mayor que el coste por una unidad nueva.<\/p>\n\n\n\n<p>En Selcus Wheels te podemos ayudar tanto en<a href=\"https:\/\/www.selcus.com\/content\/7-reparacion-de-llantas\" target=\"_blank\" rel=\"noreferrer noopener\"><strong> reparaci\u00f3n de llantas<\/strong> <\/a>como en encontrar el dise\u00f1o de llanta dedicada perfecta para tu BMW.<\/p>\n\n\n\n<p>Otro punto interesante de las<strong> llantas dedicadas es que todos los dise\u00f1os est\u00e1n pensados para que el ajuste sea perfecto.<\/strong><\/p>\n\n\n\n<p>En este caso hemos hecho dos montajes de llantas r\u00e9plica en BMW E90 y G20, el resultado lo veremos muy pronto antes de ello hablemos de la llanta escogida.<\/p>\n\n\n\n<h2 class=\"wp-block-heading\"><span class=\"ez-toc-section\" id=\"Llantas_BMW_para_E90_y_G20\"><\/span>Llantas BMW para E90 y G20.<span class=\"ez-toc-section-end\"><\/span><\/h2>\n\n\n\n<p>Las llantas escogidas para estos preciosos BMW se componen de un <strong>dise\u00f1o 5 palos dobles finos <\/strong>que dan un toque deportivo.<\/p>\n\n\n\n<p>Estas<strong> llantas se montan en los BMW con pack M, la deportividad recorre estas llantas<\/strong>, adem\u00e1s con una buena configuraci\u00f3n de neum\u00e1tico conseguir\u00e1s un perfil muy ajustado.<\/p>\n\n\n\n<div class=\"wp-block-image\"><figure class=\"aligncenter size-full\"><img decoding=\"async\" loading=\"lazy\" width=\"600\" height=\"800\" src=\"https:\/\/selcus.com\/blog\/wp-content\/uploads\/2022\/09\/IMG_20220906_102115.jpg\" alt=\"Bmw Serie 3 G20\" class=\"wp-image-3999\" srcset=\"https:\/\/selcus.com\/blog\/wp-content\/uploads\/2022\/09\/IMG_20220906_102115.jpg 600w, https:\/\/selcus.com\/blog\/wp-content\/uploads\/2022\/09\/IMG_20220906_102115-225x300.jpg 225w\" sizes=\"(max-width: 709px) 85vw, (max-width: 909px) 67vw, (max-width: 984px) 61vw, (max-width: 1362px) 45vw, 600px\" \/><\/figure><\/div>\n\n\n\n<p>Empezamos con el resultado del BMW Serie 3 G20 el cual le sientan fenomenal estas nuevas llantas dedicadas, gracias a su dise\u00f1o dejan entrever el sistema de frendo.<\/p>\n\n\n\n<p>Pensamos que su <strong>acabado negro brillo le da un toque<\/strong> <strong>m\u00e1s juvenil<\/strong> el cual nuestro cliente andaba buscando al igual que el dise\u00f1o 5 palos dobles y radios finos.<\/p>\n\n\n\n<p>En cuanto a las medidas de estas llantas dedicadas hemos conseguido sacar casi 5 mil\u00edmetros lo cual hace que se vea mucho mas ancho y por supuesto deportivo.<\/p>\n\n\n\n<p>Las <strong>medidas 8,5 y 9,5&#215;20&#8243;<\/strong> son \u00fanicas adem\u00e1s no necesitar\u00e1s ni torniller\u00eda ni aros centradores ya que se montan a buje directo.<\/p>\n\n\n\n<hr class=\"wp-block-separator\"\/>\n\n\n\n<p>Por otra parte hemos tenido un<strong> BMW Serie3  E90 el cual ven\u00eda con llantas OEM en 16&#8243;<\/strong> la propuesta fue la misma.<\/p>\n\n\n\n<p>La idea de nuestro cliente era sobre todo aumentar pulgada, bajar el perfil del neum\u00e1tico y darle un toque personal con un acabado gold.<\/p>\n\n\n\n<p>Pienso que los <strong>acabado m\u00e1s vivos dan un toque deportivo y diferenciador<\/strong> sin duda el acabado escogido no va a pasar desapercibido.<\/p>\n\n\n\n<div class=\"wp-block-image\"><figure class=\"aligncenter size-full\"><img decoding=\"async\" loading=\"lazy\" width=\"600\" height=\"800\" src=\"https:\/\/selcus.com\/blog\/wp-content\/uploads\/2022\/09\/IMG_20220907_163000.jpg\" alt=\"\" class=\"wp-image-4000\" srcset=\"https:\/\/selcus.com\/blog\/wp-content\/uploads\/2022\/09\/IMG_20220907_163000.jpg 600w, https:\/\/selcus.com\/blog\/wp-content\/uploads\/2022\/09\/IMG_20220907_163000-225x300.jpg 225w\" sizes=\"(max-width: 709px) 85vw, (max-width: 909px) 67vw, (max-width: 984px) 61vw, (max-width: 1362px) 45vw, 600px\" \/><\/figure><\/div>\n\n\n\n<p>El resultado el deseado por el cliente, la verdad es la primera vez que montamos este dise\u00f1o de llanta en acabado gold y estamos muy contentos con el resultado.<\/p>\n\n\n\n<p>Lo bueno de montar <strong>llantas dedicadas a BMW es que acepta la tapa original <\/strong>al igual que la torniller\u00eda, sobre todo a nivel est\u00e9tico obtendr\u00e1s una perfecta composici\u00f3n.<\/p>\n\n\n\n<h2 class=\"wp-block-heading\"><span class=\"ez-toc-section\" id=\"Conclusiones_de_montar_llantas_dedicadas_a_BMW\"><\/span>Conclusiones de montar llantas dedicadas a BMW.<span class=\"ez-toc-section-end\"><\/span><\/h2>\n\n\n\n<p>Pensamos que es una opci\u00f3n sencilla, segura y sobre todo que no tienes que pensar si te van a quedar bien o mal.<\/p>\n\n\n\n<p>Las llantas se fabrican pensando en que al BMW le van a quedar bien tanto el ajuste como el dise\u00f1o de la llantas.<\/p>\n\n\n\n<p>El resultado habla por si solo, son llantas completamente legales pasan ITV sin problemas y lo mejor es que no necesitas homologar nada.<\/p>\n\n\n\n<p>En Selcus Wheels te proponemos las mejores soluciones para tu coche, en este caso estas<strong> llantas dedicadas las tenemos disponibles 24\/48h.<\/strong><\/p>\n\n\n\n<p>Una vez compradas te las montaremos en tu coche con la configuraci\u00f3n de neum\u00e1ticos adecuadas. <\/p>\n<\/div><\/div>","protected":false},"excerpt":{"rendered":"<p>En el post de hoy vamos ha hablar del sector de las llantas dedicadas, lo primero de todo en Selcus Wheels siempre ofrecemos los productos de mejor calidad. Como especialistas en llantas con m\u00e1s de 10 a\u00f1os de experiencia miramos con lupa las marcas que traemos a nuestra tienda. La llanta es uno de complementos &hellip; <a href=\"https:\/\/selcus.com\/blog\/2022\/09\/07\/llantas-dedicadas-para-bmw\/\" class=\"more-link\">Continuar leyendo<span class=\"screen-reader-text\"> \u00abLlantas dedicadas para BMW, calidad garantizada.\u00bb<\/span><\/a><\/p>\n","protected":false},"author":1,"featured_media":4001,"comment_status":"closed","ping_status":"closed","sticky":false,"template":"","format":"standard","meta":[],"categories":[3],"tags":[],"_links":{"self":[{"href":"https:\/\/selcus.com\/blog\/wp-json\/wp\/v2\/posts\/3997"}],"collection":[{"href":"https:\/\/selcus.com\/blog\/wp-json\/wp\/v2\/posts"}],"about":[{"href":"https:\/\/selcus.com\/blog\/wp-json\/wp\/v2\/types\/post"}],"author":[{"embeddable":true,"href":"https:\/\/selcus.com\/blog\/wp-json\/wp\/v2\/users\/1"}],"replies":[{"embeddable":true,"href":"https:\/\/selcus.com\/blog\/wp-json\/wp\/v2\/comments?post=3997"}],"version-history":[{"count":1,"href":"https:\/\/selcus.com\/blog\/wp-json\/wp\/v2\/posts\/3997\/revisions"}],"predecessor-version":[{"id":4002,"href":"https:\/\/selcus.com\/blog\/wp-json\/wp\/v2\/posts\/3997\/revisions\/4002"}],"wp:featuredmedia":[{"embeddable":true,"href":"https:\/\/selcus.com\/blog\/wp-json\/wp\/v2\/media\/4001"}],"wp:attachment":[{"href":"https:\/\/selcus.com\/blog\/wp-json\/wp\/v2\/media?parent=3997"}],"wp:term":[{"taxonomy":"category","embeddable":true,"href":"https:\/\/selcus.com\/blog\/wp-json\/wp\/v2\/categories?post=3997"},{"taxonomy":"post_tag","embeddable":true,"href":"https:\/\/selcus.com\/blog\/wp-json\/wp\/v2\/tags?post=3997"}],"curies":[{"name":"wp","href":"https:\/\/api.w.org\/{rel}","templated":true}]}}