{"id":166,"date":"2016-09-09T14:10:32","date_gmt":"2016-09-09T14:10:32","guid":{"rendered":"http:\/\/selcus.com\/blog\/?p=166"},"modified":"2017-12-26T12:39:12","modified_gmt":"2017-12-26T11:39:12","slug":"personalizacion-bmw-520-grafito","status":"publish","type":"post","link":"https:\/\/selcus.com\/blog\/2016\/09\/09\/personalizacion-bmw-520-grafito\/","title":{"rendered":"Personalizaci\u00f3n BMW 520 Grafito"},"content":{"rendered":"<div class=\"row\"><div class=\"col-md-11 content-article\"><p>Tal y como os dijimos el Jueves en el anterior post, aqu\u00ed ten\u00e9is una personalizaci\u00f3n de llantas sobre un <strong>BMW 520<\/strong>.<\/p>\n<p>El due\u00f1o del veh\u00edculo quer\u00eda darle un enfoque al coche m\u00e1s premium, diferenci\u00e1ndolo de alguna manera del resto de BMWs con llantas de color Plata.<\/p>\n<p>Por lo que bas\u00e1ndonos en el color del coche, un grafito oscuro, orientando el color de las llantas hacia un azulado en lugar de hacia el enfoque m\u00e1s oscuro, decidimos aplicarle un grafito que adem\u00e1s de diferenciar y personalizar el coche, nos facilitar\u00e1 la limpieza del mismo.<\/p>\n<p>Aqu\u00ed pod\u00e9is ver como estaban antes:<\/p>\n<p><img decoding=\"async\" loading=\"lazy\" class=\"aligncenter size-full wp-image-447\" src=\"https:\/\/selcus.com\/blog\/wp-content\/uploads\/2016\/11\/BMW_520_Negro_01.png\" alt=\"bmw_520_negro_01\" width=\"500\" height=\"500\" srcset=\"https:\/\/selcus.com\/blog\/wp-content\/uploads\/2016\/11\/BMW_520_Negro_01.png 500w, https:\/\/selcus.com\/blog\/wp-content\/uploads\/2016\/11\/BMW_520_Negro_01-300x300.png 300w\" sizes=\"(max-width: 500px) 85vw, 500px\" \/><\/p>\n<p>Y una vez se han reparado los bordillazos y da\u00f1os que ten\u00edan las llantas, se ha procedido a pintarlas dej\u00e1ndolas perfectas:<\/p>\n<p><img decoding=\"async\" loading=\"lazy\" class=\"aligncenter size-large wp-image-448\" src=\"https:\/\/selcus.com\/blog\/wp-content\/uploads\/2016\/11\/BMW_520_Negro_02-1024x576.png\" alt=\"bmw_520_negro_02\" width=\"1024\" height=\"576\" srcset=\"https:\/\/selcus.com\/blog\/wp-content\/uploads\/2016\/11\/BMW_520_Negro_02-1024x576.png 1024w, https:\/\/selcus.com\/blog\/wp-content\/uploads\/2016\/11\/BMW_520_Negro_02-300x169.png 300w, https:\/\/selcus.com\/blog\/wp-content\/uploads\/2016\/11\/BMW_520_Negro_02-768x432.png 768w, https:\/\/selcus.com\/blog\/wp-content\/uploads\/2016\/11\/BMW_520_Negro_02-1200x675.png 1200w, https:\/\/selcus.com\/blog\/wp-content\/uploads\/2016\/11\/BMW_520_Negro_02.png 1500w\" sizes=\"(max-width: 709px) 85vw, (max-width: 909px) 67vw, (max-width: 1362px) 62vw, 840px\" \/><\/p>\n<p><img decoding=\"async\" loading=\"lazy\" class=\"aligncenter size-large wp-image-449\" src=\"https:\/\/selcus.com\/blog\/wp-content\/uploads\/2016\/11\/BMW_520_Negro_03-1024x576.png\" alt=\"bmw_520_negro_03\" width=\"1024\" height=\"576\" srcset=\"https:\/\/selcus.com\/blog\/wp-content\/uploads\/2016\/11\/BMW_520_Negro_03-1024x576.png 1024w, https:\/\/selcus.com\/blog\/wp-content\/uploads\/2016\/11\/BMW_520_Negro_03-300x169.png 300w, https:\/\/selcus.com\/blog\/wp-content\/uploads\/2016\/11\/BMW_520_Negro_03-768x432.png 768w, https:\/\/selcus.com\/blog\/wp-content\/uploads\/2016\/11\/BMW_520_Negro_03-1200x675.png 1200w, https:\/\/selcus.com\/blog\/wp-content\/uploads\/2016\/11\/BMW_520_Negro_03.png 1500w\" sizes=\"(max-width: 709px) 85vw, (max-width: 909px) 67vw, (max-width: 1362px) 62vw, 840px\" \/><\/p>\n<p><img decoding=\"async\" loading=\"lazy\" class=\"aligncenter size-large wp-image-450\" src=\"https:\/\/selcus.com\/blog\/wp-content\/uploads\/2016\/11\/BMW_520_Negro_04-1024x576.png\" alt=\"bmw_520_negro_04\" width=\"1024\" height=\"576\" srcset=\"https:\/\/selcus.com\/blog\/wp-content\/uploads\/2016\/11\/BMW_520_Negro_04-1024x576.png 1024w, https:\/\/selcus.com\/blog\/wp-content\/uploads\/2016\/11\/BMW_520_Negro_04-300x169.png 300w, https:\/\/selcus.com\/blog\/wp-content\/uploads\/2016\/11\/BMW_520_Negro_04-768x432.png 768w, https:\/\/selcus.com\/blog\/wp-content\/uploads\/2016\/11\/BMW_520_Negro_04-1200x675.png 1200w, https:\/\/selcus.com\/blog\/wp-content\/uploads\/2016\/11\/BMW_520_Negro_04.png 1500w\" sizes=\"(max-width: 709px) 85vw, (max-width: 909px) 67vw, (max-width: 1362px) 62vw, 840px\" \/><\/p>\n<p>No os perd\u00e1is los post de la semana que viene, tendremos el Martes un post especial de venta de llantas y Jueves\/S\u00e1bado, como siempre, post de personalizaci\u00f3n de veh\u00edculos !!<\/p>\n<p>Hasta el Martes !!<\/p>\n<\/div><\/div>","protected":false},"excerpt":{"rendered":"<p>Tal y como os dijimos el Jueves en el anterior post, aqu\u00ed ten\u00e9is una personalizaci\u00f3n de llantas sobre un BMW 520. El due\u00f1o del veh\u00edculo quer\u00eda darle un enfoque al coche m\u00e1s premium, diferenci\u00e1ndolo de alguna manera del resto de BMWs con llantas de color Plata. Por lo que bas\u00e1ndonos en el color del coche, &hellip; <a href=\"https:\/\/selcus.com\/blog\/2016\/09\/09\/personalizacion-bmw-520-grafito\/\" class=\"more-link\">Continuar leyendo<span class=\"screen-reader-text\"> \u00abPersonalizaci\u00f3n BMW 520 Grafito\u00bb<\/span><\/a><\/p>\n","protected":false},"author":1,"featured_media":446,"comment_status":"closed","ping_status":"closed","sticky":false,"template":"","format":"standard","meta":[],"categories":[1],"tags":[35,43,15],"_links":{"self":[{"href":"https:\/\/selcus.com\/blog\/wp-json\/wp\/v2\/posts\/166"}],"collection":[{"href":"https:\/\/selcus.com\/blog\/wp-json\/wp\/v2\/posts"}],"about":[{"href":"https:\/\/selcus.com\/blog\/wp-json\/wp\/v2\/types\/post"}],"author":[{"embeddable":true,"href":"https:\/\/selcus.com\/blog\/wp-json\/wp\/v2\/users\/1"}],"replies":[{"embeddable":true,"href":"https:\/\/selcus.com\/blog\/wp-json\/wp\/v2\/comments?post=166"}],"version-history":[{"count":3,"href":"https:\/\/selcus.com\/blog\/wp-json\/wp\/v2\/posts\/166\/revisions"}],"predecessor-version":[{"id":1481,"href":"https:\/\/selcus.com\/blog\/wp-json\/wp\/v2\/posts\/166\/revisions\/1481"}],"wp:featuredmedia":[{"embeddable":true,"href":"https:\/\/selcus.com\/blog\/wp-json\/wp\/v2\/media\/446"}],"wp:attachment":[{"href":"https:\/\/selcus.com\/blog\/wp-json\/wp\/v2\/media?parent=166"}],"wp:term":[{"taxonomy":"category","embeddable":true,"href":"https:\/\/selcus.com\/blog\/wp-json\/wp\/v2\/categories?post=166"},{"taxonomy":"post_tag","embeddable":true,"href":"https:\/\/selcus.com\/blog\/wp-json\/wp\/v2\/tags?post=166"}],"curies":[{"name":"wp","href":"https:\/\/api.w.org\/{rel}","templated":true}]}}