{"id":155,"date":"2016-09-08T09:44:38","date_gmt":"2016-09-08T09:44:38","guid":{"rendered":"http:\/\/selcus.com\/blog\/?p=155"},"modified":"2017-12-26T12:39:28","modified_gmt":"2017-12-26T11:39:28","slug":"personalizacion-a3-s-line-rojo","status":"publish","type":"post","link":"https:\/\/selcus.com\/blog\/2016\/09\/08\/personalizacion-a3-s-line-rojo\/","title":{"rendered":"Personalizaci\u00f3n A3 S Line Rojo"},"content":{"rendered":"<div class=\"row\"><div class=\"col-md-11 content-article\"><p>Hoy os traemos una personalizaci\u00f3n de las que se notan, de las que dejan marca, de las que marcan un Antes y un Despu\u00e9s muy claro. Adem\u00e1s aprovechando que llevamos tiempo sin ense\u00f1ar coches rojos, al <strong><span style=\"color: #ff0000;\">Rojo<\/span><\/strong> volvemos !!<\/p>\n<p>Nuestro cliente, due\u00f1o de un <strong>Audi A3 S Line<\/strong> de color rojo, se dispon\u00eda a volver a pintar el veh\u00edculo del color Rojo original, aprovechando para quitar peque\u00f1os golpes en la chapa, adem\u00e1s de instalarse un nuevo aler\u00f3n, paragolpes delantero, paragolpes trasero y faldones deportivos&#8230;<\/p>\n<p>Y por cerrar el circulo como es debido, nos consulto para que le asesor\u00e1ramos en el proceso de personalizarse las llantas.<\/p>\n<p>Tras una buena conversaci\u00f3n llegamos a la conclusi\u00f3n de que har\u00edamos un <strong>Negro Mate Borde Pulido<\/strong>, para que fuera a juego con las tapas de Audi.<\/p>\n<p><img decoding=\"async\" loading=\"lazy\" class=\"aligncenter size-large wp-image-429\" src=\"https:\/\/selcus.com\/blog\/wp-content\/uploads\/2016\/11\/Audi_A3_SLine_1-1024x512.png\" alt=\"audi_a3_sline_1\" width=\"1024\" height=\"512\" srcset=\"https:\/\/selcus.com\/blog\/wp-content\/uploads\/2016\/11\/Audi_A3_SLine_1-1024x512.png 1024w, https:\/\/selcus.com\/blog\/wp-content\/uploads\/2016\/11\/Audi_A3_SLine_1-300x150.png 300w, https:\/\/selcus.com\/blog\/wp-content\/uploads\/2016\/11\/Audi_A3_SLine_1-768x384.png 768w, https:\/\/selcus.com\/blog\/wp-content\/uploads\/2016\/11\/Audi_A3_SLine_1-1200x600.png 1200w, https:\/\/selcus.com\/blog\/wp-content\/uploads\/2016\/11\/Audi_A3_SLine_1.png 1500w\" sizes=\"(max-width: 709px) 85vw, (max-width: 909px) 67vw, (max-width: 1362px) 62vw, 840px\" \/><\/p>\n<p>Consiguiendo as\u00ed una llanta oscura que resalta con el color del coche, y un aro\/borde pulido, que har\u00e1 que cuando el coche est\u00e9 en movimiento, no se fusione la imagen de la llanta con la del neum\u00e1tico. Y hablando de neum\u00e1ticos&#8230; tambi\u00e9n aprovech\u00f3 que iba a arreglarse las llantas, para cambiarse los neum\u00e1ticos viejos por unos nuevos, evitando as\u00ed que en otro taller alg\u00fan tiempo despu\u00e9s se las puedan rallar en el montaje de los neum\u00e1ticos, cosa que suele ocurrir&#8230;<\/p>\n<p>Este acabado es cada vez m\u00e1s demandado, os acord\u00e1is del <span style=\"text-decoration: underline;\"><a href=\"http:\/\/selcus.com\/blog\/2016\/08\/11\/personalizacion-porche-944\/\"><span style=\"color: #ff0000;\"><strong>Porche 944<\/strong><\/span><\/a><\/span> que tuvimos hace algunas semanas \u00bf?<\/p>\n<p>Aqu\u00ed os dejamos fotos del coche despu\u00e9s de todos los cambios, esperamos que os gusten :<\/p>\n<p><img decoding=\"async\" loading=\"lazy\" class=\"aligncenter size-large wp-image-430\" src=\"https:\/\/selcus.com\/blog\/wp-content\/uploads\/2016\/11\/Audi_A3_SLine_2-1024x576.png\" alt=\"audi_a3_sline_2\" width=\"1024\" height=\"576\" srcset=\"https:\/\/selcus.com\/blog\/wp-content\/uploads\/2016\/11\/Audi_A3_SLine_2-1024x576.png 1024w, https:\/\/selcus.com\/blog\/wp-content\/uploads\/2016\/11\/Audi_A3_SLine_2-300x169.png 300w, https:\/\/selcus.com\/blog\/wp-content\/uploads\/2016\/11\/Audi_A3_SLine_2-768x432.png 768w, https:\/\/selcus.com\/blog\/wp-content\/uploads\/2016\/11\/Audi_A3_SLine_2-1200x675.png 1200w, https:\/\/selcus.com\/blog\/wp-content\/uploads\/2016\/11\/Audi_A3_SLine_2.png 1500w\" sizes=\"(max-width: 709px) 85vw, (max-width: 909px) 67vw, (max-width: 1362px) 62vw, 840px\" \/><\/p>\n<p><img decoding=\"async\" loading=\"lazy\" class=\"aligncenter size-large wp-image-431\" src=\"https:\/\/selcus.com\/blog\/wp-content\/uploads\/2016\/11\/Audi_A3_SLine_3-1024x576.png\" alt=\"audi_a3_sline_3\" width=\"1024\" height=\"576\" srcset=\"https:\/\/selcus.com\/blog\/wp-content\/uploads\/2016\/11\/Audi_A3_SLine_3-1024x576.png 1024w, https:\/\/selcus.com\/blog\/wp-content\/uploads\/2016\/11\/Audi_A3_SLine_3-300x169.png 300w, https:\/\/selcus.com\/blog\/wp-content\/uploads\/2016\/11\/Audi_A3_SLine_3-768x432.png 768w, https:\/\/selcus.com\/blog\/wp-content\/uploads\/2016\/11\/Audi_A3_SLine_3-1200x675.png 1200w, https:\/\/selcus.com\/blog\/wp-content\/uploads\/2016\/11\/Audi_A3_SLine_3.png 1500w\" sizes=\"(max-width: 709px) 85vw, (max-width: 909px) 67vw, (max-width: 1362px) 62vw, 840px\" \/><\/p>\n<p><img decoding=\"async\" loading=\"lazy\" class=\"aligncenter size-large wp-image-432\" src=\"https:\/\/selcus.com\/blog\/wp-content\/uploads\/2016\/11\/Audi_A3_SLine_4-1024x576.png\" alt=\"audi_a3_sline_4\" width=\"1024\" height=\"576\" srcset=\"https:\/\/selcus.com\/blog\/wp-content\/uploads\/2016\/11\/Audi_A3_SLine_4-1024x576.png 1024w, https:\/\/selcus.com\/blog\/wp-content\/uploads\/2016\/11\/Audi_A3_SLine_4-300x169.png 300w, https:\/\/selcus.com\/blog\/wp-content\/uploads\/2016\/11\/Audi_A3_SLine_4-768x432.png 768w, https:\/\/selcus.com\/blog\/wp-content\/uploads\/2016\/11\/Audi_A3_SLine_4-1200x675.png 1200w, https:\/\/selcus.com\/blog\/wp-content\/uploads\/2016\/11\/Audi_A3_SLine_4.png 1500w\" sizes=\"(max-width: 709px) 85vw, (max-width: 909px) 67vw, (max-width: 1362px) 62vw, 840px\" \/><\/p>\n<p><img decoding=\"async\" loading=\"lazy\" class=\"aligncenter size-large wp-image-433\" src=\"https:\/\/selcus.com\/blog\/wp-content\/uploads\/2016\/11\/Audi_A3_SLine_5-1024x576.png\" alt=\"audi_a3_sline_5\" width=\"1024\" height=\"576\" srcset=\"https:\/\/selcus.com\/blog\/wp-content\/uploads\/2016\/11\/Audi_A3_SLine_5-1024x576.png 1024w, https:\/\/selcus.com\/blog\/wp-content\/uploads\/2016\/11\/Audi_A3_SLine_5-300x169.png 300w, https:\/\/selcus.com\/blog\/wp-content\/uploads\/2016\/11\/Audi_A3_SLine_5-768x432.png 768w, https:\/\/selcus.com\/blog\/wp-content\/uploads\/2016\/11\/Audi_A3_SLine_5-1200x675.png 1200w, https:\/\/selcus.com\/blog\/wp-content\/uploads\/2016\/11\/Audi_A3_SLine_5.png 1500w\" sizes=\"(max-width: 709px) 85vw, (max-width: 909px) 67vw, (max-width: 1362px) 62vw, 840px\" \/><\/p>\n<p>\u00c9sta s\u00e1bado tendremos un <strong>BMW 520<\/strong>, y la pr\u00f3xima semana dos coches que rugen al arrancarlos&#8230; No os perd\u00e1is los pr\u00f3ximos post, os esperamos !<\/p>\n<\/div><\/div>","protected":false},"excerpt":{"rendered":"<p>Hoy os traemos una personalizaci\u00f3n de las que se notan, de las que dejan marca, de las que marcan un Antes y un Despu\u00e9s muy claro. Adem\u00e1s aprovechando que llevamos tiempo sin ense\u00f1ar coches rojos, al Rojo volvemos !! Nuestro cliente, due\u00f1o de un Audi A3 S Line de color rojo, se dispon\u00eda a volver &hellip; <a href=\"https:\/\/selcus.com\/blog\/2016\/09\/08\/personalizacion-a3-s-line-rojo\/\" class=\"more-link\">Continuar leyendo<span class=\"screen-reader-text\"> \u00abPersonalizaci\u00f3n A3 S Line Rojo\u00bb<\/span><\/a><\/p>\n","protected":false},"author":1,"featured_media":428,"comment_status":"closed","ping_status":"closed","sticky":false,"template":"","format":"standard","meta":[],"categories":[1],"tags":[26,41,51,42,15],"_links":{"self":[{"href":"https:\/\/selcus.com\/blog\/wp-json\/wp\/v2\/posts\/155"}],"collection":[{"href":"https:\/\/selcus.com\/blog\/wp-json\/wp\/v2\/posts"}],"about":[{"href":"https:\/\/selcus.com\/blog\/wp-json\/wp\/v2\/types\/post"}],"author":[{"embeddable":true,"href":"https:\/\/selcus.com\/blog\/wp-json\/wp\/v2\/users\/1"}],"replies":[{"embeddable":true,"href":"https:\/\/selcus.com\/blog\/wp-json\/wp\/v2\/comments?post=155"}],"version-history":[{"count":4,"href":"https:\/\/selcus.com\/blog\/wp-json\/wp\/v2\/posts\/155\/revisions"}],"predecessor-version":[{"id":1482,"href":"https:\/\/selcus.com\/blog\/wp-json\/wp\/v2\/posts\/155\/revisions\/1482"}],"wp:featuredmedia":[{"embeddable":true,"href":"https:\/\/selcus.com\/blog\/wp-json\/wp\/v2\/media\/428"}],"wp:attachment":[{"href":"https:\/\/selcus.com\/blog\/wp-json\/wp\/v2\/media?parent=155"}],"wp:term":[{"taxonomy":"category","embeddable":true,"href":"https:\/\/selcus.com\/blog\/wp-json\/wp\/v2\/categories?post=155"},{"taxonomy":"post_tag","embeddable":true,"href":"https:\/\/selcus.com\/blog\/wp-json\/wp\/v2\/tags?post=155"}],"curies":[{"name":"wp","href":"https:\/\/api.w.org\/{rel}","templated":true}]}}